{"id":2602,"date":"2014-05-26T00:00:00","date_gmt":"2014-05-26T00:00:00","guid":{"rendered":"https:\/\/condescending-curie.46-242-128-94.plesk.page\/?p=2602"},"modified":"2023-12-31T01:12:22","modified_gmt":"2023-12-31T01:12:22","slug":"sad-okregowy-w-warszawie-wydal-decyzje-w-sprawie-gen-radislava-krsticia-serb-moze-odbywac-kare-w-polsce","status":"publish","type":"post","link":"https:\/\/pietrzaksidor.pl\/en\/sad-okregowy-w-warszawie-wydal-decyzje-w-sprawie-gen-radislava-krsticia-serb-moze-odbywac-kare-w-polsce\/","title":{"rendered":"S\u0105d Okr\u0119gowy w Warszawie wyda\u0142 decyzj\u0119 w sprawie gen. Radislava Krsticia. Serb mo\u017ce odbywa\u0107 kar\u0119 w Polsce"},"content":{"rendered":"<p><!--:pl--><\/p>\n<p><!--:--><!--:en--><\/p>\n<p>Both the defender of Radislav Krsti\u0107, adv. Mikolaj Pietrzak, and the Polish Prosecutor applied to the District Court in Warsaw to impose a penalty of 25 years of imprisonment. According to the District Court in Warsaw, that is the only possible length of a prison sentence for R. Kristi\u0107 in Poland. In the grounds for the decision, Judge Tomasz Calkiewicz emphasized that according to the Polish law the only possible sentences for crimes committed by Krsti\u0107 were 25 years of imprisonment or life imprisonment .<\/p>\n<p>In 1995, Radislav Krsti\u0107 led the assault on the Muslim enclave in Srebrnica, where soldiers conducted a mass execution of about 8 thousand people. Radislav Krsti\u0107 was detained in 1998 and in 2001, as the first criminal from the former Yugoslavia, was sentenced to 46 years of imprisonment by the International Criminal Tribunal for the former Yugoslavia in the Hague. In 2012, the Tribunal applied to Poland to enable Kristi\u0107 to serve his prison sentence in Poland.<\/p>\n<p><a href=\"http:\/\/www.rmf24.pl\/fakty\/polska\/news-serbski-zbrodniarz-w-polskim-wiezieniu-kara-25-lat,nId,1432099 \">The article can be read here<\/a><\/p>\n<p>[<i>Serbski zbrodniarz w polskim wi<\/i><i>\u0119<\/i><i>zieniu: Kara 25 lat, <\/i><a href=\"http:\/\/www.rmf24.pl\">www.rmf24.pl<\/a>, 26.05.2014]<\/p>\n<p><!--:--><\/p>\n","protected":false},"excerpt":{"rendered":"<p>Both the defender of Radislav Krsti\u0107, adv. Mikolaj Pietrzak, and the Polish Prosecutor applied to the District Court in Warsaw to impose a penalty of 25 years of imprisonment. According to the District Court in Warsaw, that is the only possible length of a prison sentence for R. Kristi\u0107 in Poland. In the grounds for [&hellip;]<\/p>\n","protected":false},"author":1,"featured_media":0,"comment_status":"closed","ping_status":"closed","sticky":false,"template":"","format":"standard","meta":{"footnotes":""},"categories":[1],"tags":[],"autor":[],"class_list":["post-2602","post","type-post","status-publish","format-standard","hentry","category-bez-kategorii"],"yoast_head":"<!-- This site is optimized with the Yoast SEO plugin v27.4 - https:\/\/yoast.com\/product\/yoast-seo-wordpress\/ -->\n<title>S\u0105d Okr\u0119gowy w Warszawie wyda\u0142 decyzj\u0119 w sprawie gen. Radislava Krsticia. Serb mo\u017ce odbywa\u0107 kar\u0119 w Polsce - Kancelaria Pietrzak Sidor &amp; Wsp\u00f3lnicy<\/title>\n<meta name=\"robots\" content=\"index, follow, max-snippet:-1, max-image-preview:large, max-video-preview:-1\" \/>\n<link rel=\"canonical\" href=\"https:\/\/pietrzaksidor.pl\/en\/sad-okregowy-w-warszawie-wydal-decyzje-w-sprawie-gen-radislava-krsticia-serb-moze-odbywac-kare-w-polsce\/\" \/>\n<meta property=\"og:locale\" content=\"en_US\" \/>\n<meta property=\"og:type\" content=\"article\" \/>\n<meta property=\"og:title\" content=\"S\u0105d Okr\u0119gowy w Warszawie wyda\u0142 decyzj\u0119 w sprawie gen. Radislava Krsticia. Serb mo\u017ce odbywa\u0107 kar\u0119 w Polsce - Kancelaria Pietrzak Sidor &amp; Wsp\u00f3lnicy\" \/>\n<meta property=\"og:description\" content=\"Both the defender of Radislav Krsti\u0107, adv. Mikolaj Pietrzak, and the Polish Prosecutor applied to the District Court in Warsaw to impose a penalty of 25 years of imprisonment. According to the District Court in Warsaw, that is the only possible length of a prison sentence for R. Kristi\u0107 in Poland. In the grounds for [&hellip;]\" \/>\n<meta property=\"og:url\" content=\"https:\/\/pietrzaksidor.pl\/en\/sad-okregowy-w-warszawie-wydal-decyzje-w-sprawie-gen-radislava-krsticia-serb-moze-odbywac-kare-w-polsce\/\" \/>\n<meta property=\"og:site_name\" content=\"Kancelaria Pietrzak Sidor &amp; Wsp\u00f3lnicy\" \/>\n<meta property=\"article:publisher\" content=\"https:\/\/www.facebook.com\/pietrzaksidorwspolnicy\" \/>\n<meta property=\"article:published_time\" content=\"2014-05-26T00:00:00+00:00\" \/>\n<meta property=\"article:modified_time\" content=\"2023-12-31T01:12:22+00:00\" \/>\n<meta property=\"og:image\" content=\"https:\/\/pietrzaksidor.pl\/wp-content\/uploads\/2025\/01\/og-image-1.jpg\" \/>\n\t<meta property=\"og:image:width\" content=\"1200\" \/>\n\t<meta property=\"og:image:height\" content=\"675\" \/>\n\t<meta property=\"og:image:type\" content=\"image\/jpeg\" \/>\n<meta name=\"author\" content=\"admin\" \/>\n<meta name=\"twitter:card\" content=\"summary_large_image\" \/>\n<meta name=\"twitter:label1\" content=\"Written by\" \/>\n\t<meta name=\"twitter:data1\" content=\"admin\" \/>\n\t<meta name=\"twitter:label2\" content=\"Est. reading time\" \/>\n\t<meta name=\"twitter:data2\" content=\"1 minute\" \/>\n<script type=\"application\/ld+json\" class=\"yoast-schema-graph\">{\"@context\":\"https:\\\/\\\/schema.org\",\"@graph\":[{\"@type\":\"Article\",\"@id\":\"https:\\\/\\\/pietrzaksidor.pl\\\/en\\\/sad-okregowy-w-warszawie-wydal-decyzje-w-sprawie-gen-radislava-krsticia-serb-moze-odbywac-kare-w-polsce\\\/#article\",\"isPartOf\":{\"@id\":\"https:\\\/\\\/pietrzaksidor.pl\\\/en\\\/sad-okregowy-w-warszawie-wydal-decyzje-w-sprawie-gen-radislava-krsticia-serb-moze-odbywac-kare-w-polsce\\\/\"},\"author\":{\"name\":\"admin\",\"@id\":\"https:\\\/\\\/pietrzaksidor.pl\\\/#\\\/schema\\\/person\\\/3f404b400938b1d52ee5f807109b469f\"},\"headline\":\"S\u0105d Okr\u0119gowy w Warszawie wyda\u0142 decyzj\u0119 w sprawie gen. Radislava Krsticia. Serb mo\u017ce odbywa\u0107 kar\u0119 w Polsce\",\"datePublished\":\"2014-05-26T00:00:00+00:00\",\"dateModified\":\"2023-12-31T01:12:22+00:00\",\"mainEntityOfPage\":{\"@id\":\"https:\\\/\\\/pietrzaksidor.pl\\\/en\\\/sad-okregowy-w-warszawie-wydal-decyzje-w-sprawie-gen-radislava-krsticia-serb-moze-odbywac-kare-w-polsce\\\/\"},\"wordCount\":190,\"publisher\":{\"@id\":\"https:\\\/\\\/pietrzaksidor.pl\\\/#organization\"},\"articleSection\":[\"Bez kategorii\"],\"inLanguage\":\"en-US\"},{\"@type\":\"WebPage\",\"@id\":\"https:\\\/\\\/pietrzaksidor.pl\\\/en\\\/sad-okregowy-w-warszawie-wydal-decyzje-w-sprawie-gen-radislava-krsticia-serb-moze-odbywac-kare-w-polsce\\\/\",\"url\":\"https:\\\/\\\/pietrzaksidor.pl\\\/en\\\/sad-okregowy-w-warszawie-wydal-decyzje-w-sprawie-gen-radislava-krsticia-serb-moze-odbywac-kare-w-polsce\\\/\",\"name\":\"S\u0105d Okr\u0119gowy w Warszawie wyda\u0142 decyzj\u0119 w sprawie gen. Radislava Krsticia. Serb mo\u017ce odbywa\u0107 kar\u0119 w Polsce - Kancelaria Pietrzak Sidor &amp; Wsp\u00f3lnicy\",\"isPartOf\":{\"@id\":\"https:\\\/\\\/pietrzaksidor.pl\\\/#website\"},\"datePublished\":\"2014-05-26T00:00:00+00:00\",\"dateModified\":\"2023-12-31T01:12:22+00:00\",\"breadcrumb\":{\"@id\":\"https:\\\/\\\/pietrzaksidor.pl\\\/en\\\/sad-okregowy-w-warszawie-wydal-decyzje-w-sprawie-gen-radislava-krsticia-serb-moze-odbywac-kare-w-polsce\\\/#breadcrumb\"},\"inLanguage\":\"en-US\",\"potentialAction\":[{\"@type\":\"ReadAction\",\"target\":[\"https:\\\/\\\/pietrzaksidor.pl\\\/en\\\/sad-okregowy-w-warszawie-wydal-decyzje-w-sprawie-gen-radislava-krsticia-serb-moze-odbywac-kare-w-polsce\\\/\"]}]},{\"@type\":\"BreadcrumbList\",\"@id\":\"https:\\\/\\\/pietrzaksidor.pl\\\/en\\\/sad-okregowy-w-warszawie-wydal-decyzje-w-sprawie-gen-radislava-krsticia-serb-moze-odbywac-kare-w-polsce\\\/#breadcrumb\",\"itemListElement\":[{\"@type\":\"ListItem\",\"position\":1,\"name\":\"Strona g\u0142\u00f3wna\",\"item\":\"https:\\\/\\\/pietrzaksidor.pl\\\/en\\\/\"},{\"@type\":\"ListItem\",\"position\":2,\"name\":\"S\u0105d Okr\u0119gowy w Warszawie wyda\u0142 decyzj\u0119 w sprawie gen. Radislava Krsticia. Serb mo\u017ce odbywa\u0107 kar\u0119 w Polsce\"}]},{\"@type\":\"WebSite\",\"@id\":\"https:\\\/\\\/pietrzaksidor.pl\\\/#website\",\"url\":\"https:\\\/\\\/pietrzaksidor.pl\\\/\",\"name\":\"Kancelaria Pietrzak Sidor & Wsp\u00f3lnicy - Kancelaria Prawna Warszawa\",\"description\":\"\",\"publisher\":{\"@id\":\"https:\\\/\\\/pietrzaksidor.pl\\\/#organization\"},\"potentialAction\":[{\"@type\":\"SearchAction\",\"target\":{\"@type\":\"EntryPoint\",\"urlTemplate\":\"https:\\\/\\\/pietrzaksidor.pl\\\/?s={search_term_string}\"},\"query-input\":{\"@type\":\"PropertyValueSpecification\",\"valueRequired\":true,\"valueName\":\"search_term_string\"}}],\"inLanguage\":\"en-US\"},{\"@type\":\"Organization\",\"@id\":\"https:\\\/\\\/pietrzaksidor.pl\\\/#organization\",\"name\":\"Kancelaria Pietrzak Sidor & Wsp\u00f3lnicy\",\"url\":\"https:\\\/\\\/pietrzaksidor.pl\\\/\",\"logo\":{\"@type\":\"ImageObject\",\"inLanguage\":\"en-US\",\"@id\":\"https:\\\/\\\/pietrzaksidor.pl\\\/#\\\/schema\\\/logo\\\/image\\\/\",\"url\":\"https:\\\/\\\/pietrzaksidor.pl\\\/wp-content\\\/uploads\\\/2025\\\/01\\\/logo_sidor_pietrzak_dark.png\",\"contentUrl\":\"https:\\\/\\\/pietrzaksidor.pl\\\/wp-content\\\/uploads\\\/2025\\\/01\\\/logo_sidor_pietrzak_dark.png\",\"width\":200,\"height\":72,\"caption\":\"Kancelaria Pietrzak Sidor & Wsp\u00f3lnicy\"},\"image\":{\"@id\":\"https:\\\/\\\/pietrzaksidor.pl\\\/#\\\/schema\\\/logo\\\/image\\\/\"},\"sameAs\":[\"https:\\\/\\\/www.facebook.com\\\/pietrzaksidorwspolnicy\",\"https:\\\/\\\/www.linkedin.com\\\/company\\\/pietrzak-sidor-wspolnicy\\\/?originalSubdomain=pl\"]},{\"@type\":\"Person\",\"@id\":\"https:\\\/\\\/pietrzaksidor.pl\\\/#\\\/schema\\\/person\\\/3f404b400938b1d52ee5f807109b469f\",\"name\":\"admin\",\"image\":{\"@type\":\"ImageObject\",\"inLanguage\":\"en-US\",\"@id\":\"https:\\\/\\\/secure.gravatar.com\\\/avatar\\\/a1145b1a2fd6ed1b4080a2422dd79e94361a6fe4c5590d8ed177e1c3b9bdb35c?s=96&d=mm&r=g\",\"url\":\"https:\\\/\\\/secure.gravatar.com\\\/avatar\\\/a1145b1a2fd6ed1b4080a2422dd79e94361a6fe4c5590d8ed177e1c3b9bdb35c?s=96&d=mm&r=g\",\"contentUrl\":\"https:\\\/\\\/secure.gravatar.com\\\/avatar\\\/a1145b1a2fd6ed1b4080a2422dd79e94361a6fe4c5590d8ed177e1c3b9bdb35c?s=96&d=mm&r=g\",\"caption\":\"admin\"},\"sameAs\":[\"https:\\\/\\\/condescending-curie.46-242-128-94.plesk.page\"],\"url\":\"https:\\\/\\\/pietrzaksidor.pl\\\/en\\\/author\\\/bartoszcebrzyna\\\/\"}]}<\/script>\n<!-- \/ Yoast SEO plugin. -->","yoast_head_json":{"title":"S\u0105d Okr\u0119gowy w Warszawie wyda\u0142 decyzj\u0119 w sprawie gen. Radislava Krsticia. Serb mo\u017ce odbywa\u0107 kar\u0119 w Polsce - Kancelaria Pietrzak Sidor &amp; Wsp\u00f3lnicy","robots":{"index":"index","follow":"follow","max-snippet":"max-snippet:-1","max-image-preview":"max-image-preview:large","max-video-preview":"max-video-preview:-1"},"canonical":"https:\/\/pietrzaksidor.pl\/en\/sad-okregowy-w-warszawie-wydal-decyzje-w-sprawie-gen-radislava-krsticia-serb-moze-odbywac-kare-w-polsce\/","og_locale":"en_US","og_type":"article","og_title":"S\u0105d Okr\u0119gowy w Warszawie wyda\u0142 decyzj\u0119 w sprawie gen. Radislava Krsticia. Serb mo\u017ce odbywa\u0107 kar\u0119 w Polsce - Kancelaria Pietrzak Sidor &amp; Wsp\u00f3lnicy","og_description":"Both the defender of Radislav Krsti\u0107, adv. Mikolaj Pietrzak, and the Polish Prosecutor applied to the District Court in Warsaw to impose a penalty of 25 years of imprisonment. According to the District Court in Warsaw, that is the only possible length of a prison sentence for R. Kristi\u0107 in Poland. In the grounds for [&hellip;]","og_url":"https:\/\/pietrzaksidor.pl\/en\/sad-okregowy-w-warszawie-wydal-decyzje-w-sprawie-gen-radislava-krsticia-serb-moze-odbywac-kare-w-polsce\/","og_site_name":"Kancelaria Pietrzak Sidor &amp; Wsp\u00f3lnicy","article_publisher":"https:\/\/www.facebook.com\/pietrzaksidorwspolnicy","article_published_time":"2014-05-26T00:00:00+00:00","article_modified_time":"2023-12-31T01:12:22+00:00","og_image":[{"width":1200,"height":675,"url":"https:\/\/pietrzaksidor.pl\/wp-content\/uploads\/2025\/01\/og-image-1.jpg","type":"image\/jpeg"}],"author":"admin","twitter_card":"summary_large_image","twitter_misc":{"Written by":"admin","Est. reading time":"1 minute"},"schema":{"@context":"https:\/\/schema.org","@graph":[{"@type":"Article","@id":"https:\/\/pietrzaksidor.pl\/en\/sad-okregowy-w-warszawie-wydal-decyzje-w-sprawie-gen-radislava-krsticia-serb-moze-odbywac-kare-w-polsce\/#article","isPartOf":{"@id":"https:\/\/pietrzaksidor.pl\/en\/sad-okregowy-w-warszawie-wydal-decyzje-w-sprawie-gen-radislava-krsticia-serb-moze-odbywac-kare-w-polsce\/"},"author":{"name":"admin","@id":"https:\/\/pietrzaksidor.pl\/#\/schema\/person\/3f404b400938b1d52ee5f807109b469f"},"headline":"S\u0105d Okr\u0119gowy w Warszawie wyda\u0142 decyzj\u0119 w sprawie gen. Radislava Krsticia. Serb mo\u017ce odbywa\u0107 kar\u0119 w Polsce","datePublished":"2014-05-26T00:00:00+00:00","dateModified":"2023-12-31T01:12:22+00:00","mainEntityOfPage":{"@id":"https:\/\/pietrzaksidor.pl\/en\/sad-okregowy-w-warszawie-wydal-decyzje-w-sprawie-gen-radislava-krsticia-serb-moze-odbywac-kare-w-polsce\/"},"wordCount":190,"publisher":{"@id":"https:\/\/pietrzaksidor.pl\/#organization"},"articleSection":["Bez kategorii"],"inLanguage":"en-US"},{"@type":"WebPage","@id":"https:\/\/pietrzaksidor.pl\/en\/sad-okregowy-w-warszawie-wydal-decyzje-w-sprawie-gen-radislava-krsticia-serb-moze-odbywac-kare-w-polsce\/","url":"https:\/\/pietrzaksidor.pl\/en\/sad-okregowy-w-warszawie-wydal-decyzje-w-sprawie-gen-radislava-krsticia-serb-moze-odbywac-kare-w-polsce\/","name":"S\u0105d Okr\u0119gowy w Warszawie wyda\u0142 decyzj\u0119 w sprawie gen. Radislava Krsticia. Serb mo\u017ce odbywa\u0107 kar\u0119 w Polsce - Kancelaria Pietrzak Sidor &amp; Wsp\u00f3lnicy","isPartOf":{"@id":"https:\/\/pietrzaksidor.pl\/#website"},"datePublished":"2014-05-26T00:00:00+00:00","dateModified":"2023-12-31T01:12:22+00:00","breadcrumb":{"@id":"https:\/\/pietrzaksidor.pl\/en\/sad-okregowy-w-warszawie-wydal-decyzje-w-sprawie-gen-radislava-krsticia-serb-moze-odbywac-kare-w-polsce\/#breadcrumb"},"inLanguage":"en-US","potentialAction":[{"@type":"ReadAction","target":["https:\/\/pietrzaksidor.pl\/en\/sad-okregowy-w-warszawie-wydal-decyzje-w-sprawie-gen-radislava-krsticia-serb-moze-odbywac-kare-w-polsce\/"]}]},{"@type":"BreadcrumbList","@id":"https:\/\/pietrzaksidor.pl\/en\/sad-okregowy-w-warszawie-wydal-decyzje-w-sprawie-gen-radislava-krsticia-serb-moze-odbywac-kare-w-polsce\/#breadcrumb","itemListElement":[{"@type":"ListItem","position":1,"name":"Strona g\u0142\u00f3wna","item":"https:\/\/pietrzaksidor.pl\/en\/"},{"@type":"ListItem","position":2,"name":"S\u0105d Okr\u0119gowy w Warszawie wyda\u0142 decyzj\u0119 w sprawie gen. Radislava Krsticia. Serb mo\u017ce odbywa\u0107 kar\u0119 w Polsce"}]},{"@type":"WebSite","@id":"https:\/\/pietrzaksidor.pl\/#website","url":"https:\/\/pietrzaksidor.pl\/","name":"Kancelaria Pietrzak Sidor & Wsp\u00f3lnicy - Kancelaria Prawna Warszawa","description":"","publisher":{"@id":"https:\/\/pietrzaksidor.pl\/#organization"},"potentialAction":[{"@type":"SearchAction","target":{"@type":"EntryPoint","urlTemplate":"https:\/\/pietrzaksidor.pl\/?s={search_term_string}"},"query-input":{"@type":"PropertyValueSpecification","valueRequired":true,"valueName":"search_term_string"}}],"inLanguage":"en-US"},{"@type":"Organization","@id":"https:\/\/pietrzaksidor.pl\/#organization","name":"Kancelaria Pietrzak Sidor & Wsp\u00f3lnicy","url":"https:\/\/pietrzaksidor.pl\/","logo":{"@type":"ImageObject","inLanguage":"en-US","@id":"https:\/\/pietrzaksidor.pl\/#\/schema\/logo\/image\/","url":"https:\/\/pietrzaksidor.pl\/wp-content\/uploads\/2025\/01\/logo_sidor_pietrzak_dark.png","contentUrl":"https:\/\/pietrzaksidor.pl\/wp-content\/uploads\/2025\/01\/logo_sidor_pietrzak_dark.png","width":200,"height":72,"caption":"Kancelaria Pietrzak Sidor & Wsp\u00f3lnicy"},"image":{"@id":"https:\/\/pietrzaksidor.pl\/#\/schema\/logo\/image\/"},"sameAs":["https:\/\/www.facebook.com\/pietrzaksidorwspolnicy","https:\/\/www.linkedin.com\/company\/pietrzak-sidor-wspolnicy\/?originalSubdomain=pl"]},{"@type":"Person","@id":"https:\/\/pietrzaksidor.pl\/#\/schema\/person\/3f404b400938b1d52ee5f807109b469f","name":"admin","image":{"@type":"ImageObject","inLanguage":"en-US","@id":"https:\/\/secure.gravatar.com\/avatar\/a1145b1a2fd6ed1b4080a2422dd79e94361a6fe4c5590d8ed177e1c3b9bdb35c?s=96&d=mm&r=g","url":"https:\/\/secure.gravatar.com\/avatar\/a1145b1a2fd6ed1b4080a2422dd79e94361a6fe4c5590d8ed177e1c3b9bdb35c?s=96&d=mm&r=g","contentUrl":"https:\/\/secure.gravatar.com\/avatar\/a1145b1a2fd6ed1b4080a2422dd79e94361a6fe4c5590d8ed177e1c3b9bdb35c?s=96&d=mm&r=g","caption":"admin"},"sameAs":["https:\/\/condescending-curie.46-242-128-94.plesk.page"],"url":"https:\/\/pietrzaksidor.pl\/en\/author\/bartoszcebrzyna\/"}]}},"_links":{"self":[{"href":"https:\/\/pietrzaksidor.pl\/en\/wp-json\/wp\/v2\/posts\/2602","targetHints":{"allow":["GET"]}}],"collection":[{"href":"https:\/\/pietrzaksidor.pl\/en\/wp-json\/wp\/v2\/posts"}],"about":[{"href":"https:\/\/pietrzaksidor.pl\/en\/wp-json\/wp\/v2\/types\/post"}],"author":[{"embeddable":true,"href":"https:\/\/pietrzaksidor.pl\/en\/wp-json\/wp\/v2\/users\/1"}],"replies":[{"embeddable":true,"href":"https:\/\/pietrzaksidor.pl\/en\/wp-json\/wp\/v2\/comments?post=2602"}],"version-history":[{"count":1,"href":"https:\/\/pietrzaksidor.pl\/en\/wp-json\/wp\/v2\/posts\/2602\/revisions"}],"predecessor-version":[{"id":2604,"href":"https:\/\/pietrzaksidor.pl\/en\/wp-json\/wp\/v2\/posts\/2602\/revisions\/2604"}],"wp:attachment":[{"href":"https:\/\/pietrzaksidor.pl\/en\/wp-json\/wp\/v2\/media?parent=2602"}],"wp:term":[{"taxonomy":"category","embeddable":true,"href":"https:\/\/pietrzaksidor.pl\/en\/wp-json\/wp\/v2\/categories?post=2602"},{"taxonomy":"post_tag","embeddable":true,"href":"https:\/\/pietrzaksidor.pl\/en\/wp-json\/wp\/v2\/tags?post=2602"},{"taxonomy":"autor","embeddable":true,"href":"https:\/\/pietrzaksidor.pl\/en\/wp-json\/wp\/v2\/autor?post=2602"}],"curies":[{"name":"wp","href":"https:\/\/api.w.org\/{rel}","templated":true}]}}